{"id":14034,"date":"2021-08-01T16:27:48","date_gmt":"2021-08-01T15:27:48","guid":{"rendered":"https:\/\/vt.novus.me\/good-vibrations-underestimated-risk-of-vibrations-from-work-pedelecs\/"},"modified":"2021-10-12T23:04:31","modified_gmt":"2021-10-12T22:04:31","slug":"good-vibrations-underestimated-risk-of-vibrations-from-work-pedelecs","status":"publish","type":"post","link":"https:\/\/velotech.de\/en\/good-vibrations-underestimated-risk-of-vibrations-from-work-pedelecs\/","title":{"rendered":"Good Vibrations?! Underestimated Risk of Vibrations from Work Pedelecs"},"content":{"rendered":"\n<h2 class=\"wp-block-heading\">Good Vibrations?! Good Vibrations?! Underestimated Risk of Vibrations from Work Pedelecs<\/h2>\n\n<p>Good Vibrations?! Good Vibrations?! Underestimated Risk of Vibrations from Work Pedelecs<\/p>\n\n<p>Normal bikes are on the way out \u2013 many postmen and women are no longer riding conventional bikes but instead a work pedelec; in other words an electrically assisted bike. Other sectors, such as trade and outpatient care, are also opting for transport pedelecs or trialling their use to potentially save time in towns and cities What sounds progressive as a work aid entails not only benefits for employees. The (new) burdens are frequently underestimated: A much greater unladen weight that needs to be moved owing to sturdier frames and batteries, a higher workload due to a larger loading area and the strain resulting from hand, arm and whole body vibrations.<\/p>\n\n<p>The \u201cVibrations from Work Pedelecs\u201d project was realised by the LIA.nrw in cooperation with the Professional Association for Transport Economics Postal Logistics and Telecommunication, the University of Technology Hamburg-Harburg and velotech.de GmbH.<\/p>\n\n<p><a href=\"https:\/\/www.velotech.de\/sites\/files\/1901_lia-fakten_lastenpedelecs.pdf\" target=\"_blank\" rel=\"noreferrer noopener\">For further information click here <\/a><\/p>\n","protected":false},"excerpt":{"rendered":"Good Vibrations?! Good Vibrations?! Underestimated Risk of Vibrations from Work Pedelecs Good Vibrations?! Good Vibrations?! Underestimated Risk of Vibrations from Work Pedelecs Normal bikes are on the way out \u2013 many postmen and women are no longer riding conventional bikes&#8230;","protected":false},"author":1,"featured_media":14036,"comment_status":"closed","ping_status":"closed","sticky":false,"template":"","format":"standard","meta":{"footnotes":""},"categories":[69],"tags":[],"class_list":["post-14034","post","type-post","status-publish","format-standard","has-post-thumbnail","hentry","category-news"],"yoast_head":"<!-- This site is optimized with the Yoast SEO plugin v27.4 - https:\/\/yoast.com\/product\/yoast-seo-wordpress\/ -->\n<title>Good Vibrations?! Underestimated Risk of Vibrations from Work Pedelecs - velotech.de - akkreditiertes Pr\u00fcflabor f\u00fcr Mikromobilit\u00e4t<\/title>\n<meta name=\"robots\" content=\"index, follow, max-snippet:-1, max-image-preview:large, max-video-preview:-1\" \/>\n<link rel=\"canonical\" href=\"https:\/\/velotech.de\/en\/good-vibrations-underestimated-risk-of-vibrations-from-work-pedelecs\/\" \/>\n<meta property=\"og:locale\" content=\"en_US\" \/>\n<meta property=\"og:type\" content=\"article\" \/>\n<meta property=\"og:title\" content=\"Good Vibrations?! Underestimated Risk of Vibrations from Work Pedelecs - velotech.de - akkreditiertes Pr\u00fcflabor f\u00fcr Mikromobilit\u00e4t\" \/>\n<meta property=\"og:description\" content=\"Good Vibrations?! Good Vibrations?! Underestimated Risk of Vibrations from Work Pedelecs Good Vibrations?! Good Vibrations?! Underestimated Risk of Vibrations from Work Pedelecs Normal bikes are on the way out \u2013 many postmen and women are no longer riding conventional bikes...\" \/>\n<meta property=\"og:url\" content=\"https:\/\/velotech.de\/en\/good-vibrations-underestimated-risk-of-vibrations-from-work-pedelecs\/\" \/>\n<meta property=\"og:site_name\" content=\"velotech.de - akkreditiertes Pr\u00fcflabor f\u00fcr Mikromobilit\u00e4t\" \/>\n<meta property=\"article:published_time\" content=\"2021-08-01T15:27:48+00:00\" \/>\n<meta property=\"article:modified_time\" content=\"2021-10-12T22:04:31+00:00\" \/>\n<meta property=\"og:image\" content=\"https:\/\/velotech.de\/wp-content\/uploads\/2021\/04\/vibrationen-lastenrad.jpg\" \/>\n\t<meta property=\"og:image:width\" content=\"792\" \/>\n\t<meta property=\"og:image:height\" content=\"486\" \/>\n\t<meta property=\"og:image:type\" content=\"image\/jpeg\" \/>\n<meta name=\"author\" content=\"admin\" \/>\n<meta name=\"twitter:card\" content=\"summary_large_image\" \/>\n<meta name=\"twitter:label1\" content=\"Written by\" \/>\n\t<meta name=\"twitter:data1\" content=\"admin\" \/>\n\t<meta name=\"twitter:label2\" content=\"Est. reading time\" \/>\n\t<meta name=\"twitter:data2\" content=\"1 minute\" \/>\n<script type=\"application\/ld+json\" class=\"yoast-schema-graph\">{\"@context\":\"https:\\\/\\\/schema.org\",\"@graph\":[{\"@type\":\"Article\",\"@id\":\"https:\\\/\\\/velotech.de\\\/en\\\/good-vibrations-underestimated-risk-of-vibrations-from-work-pedelecs\\\/#article\",\"isPartOf\":{\"@id\":\"https:\\\/\\\/velotech.de\\\/en\\\/good-vibrations-underestimated-risk-of-vibrations-from-work-pedelecs\\\/\"},\"author\":{\"name\":\"admin\",\"@id\":\"https:\\\/\\\/velotech.de\\\/en\\\/#\\\/schema\\\/person\\\/93df0c2848326a8428c7b2a9f3f97114\"},\"headline\":\"Good Vibrations?! Underestimated Risk of Vibrations from Work Pedelecs\",\"datePublished\":\"2021-08-01T15:27:48+00:00\",\"dateModified\":\"2021-10-12T22:04:31+00:00\",\"mainEntityOfPage\":{\"@id\":\"https:\\\/\\\/velotech.de\\\/en\\\/good-vibrations-underestimated-risk-of-vibrations-from-work-pedelecs\\\/\"},\"wordCount\":180,\"image\":{\"@id\":\"https:\\\/\\\/velotech.de\\\/en\\\/good-vibrations-underestimated-risk-of-vibrations-from-work-pedelecs\\\/#primaryimage\"},\"thumbnailUrl\":\"https:\\\/\\\/velotech.de\\\/wp-content\\\/uploads\\\/2021\\\/04\\\/vibrationen-lastenrad.jpg\",\"articleSection\":[\"News\"],\"inLanguage\":\"en-US\"},{\"@type\":\"WebPage\",\"@id\":\"https:\\\/\\\/velotech.de\\\/en\\\/good-vibrations-underestimated-risk-of-vibrations-from-work-pedelecs\\\/\",\"url\":\"https:\\\/\\\/velotech.de\\\/en\\\/good-vibrations-underestimated-risk-of-vibrations-from-work-pedelecs\\\/\",\"name\":\"Good Vibrations?! Underestimated Risk of Vibrations from Work Pedelecs - velotech.de - akkreditiertes Pr\u00fcflabor f\u00fcr Mikromobilit\u00e4t\",\"isPartOf\":{\"@id\":\"https:\\\/\\\/velotech.de\\\/en\\\/#website\"},\"primaryImageOfPage\":{\"@id\":\"https:\\\/\\\/velotech.de\\\/en\\\/good-vibrations-underestimated-risk-of-vibrations-from-work-pedelecs\\\/#primaryimage\"},\"image\":{\"@id\":\"https:\\\/\\\/velotech.de\\\/en\\\/good-vibrations-underestimated-risk-of-vibrations-from-work-pedelecs\\\/#primaryimage\"},\"thumbnailUrl\":\"https:\\\/\\\/velotech.de\\\/wp-content\\\/uploads\\\/2021\\\/04\\\/vibrationen-lastenrad.jpg\",\"datePublished\":\"2021-08-01T15:27:48+00:00\",\"dateModified\":\"2021-10-12T22:04:31+00:00\",\"author\":{\"@id\":\"https:\\\/\\\/velotech.de\\\/en\\\/#\\\/schema\\\/person\\\/93df0c2848326a8428c7b2a9f3f97114\"},\"breadcrumb\":{\"@id\":\"https:\\\/\\\/velotech.de\\\/en\\\/good-vibrations-underestimated-risk-of-vibrations-from-work-pedelecs\\\/#breadcrumb\"},\"inLanguage\":\"en-US\",\"potentialAction\":[{\"@type\":\"ReadAction\",\"target\":[\"https:\\\/\\\/velotech.de\\\/en\\\/good-vibrations-underestimated-risk-of-vibrations-from-work-pedelecs\\\/\"]}]},{\"@type\":\"ImageObject\",\"inLanguage\":\"en-US\",\"@id\":\"https:\\\/\\\/velotech.de\\\/en\\\/good-vibrations-underestimated-risk-of-vibrations-from-work-pedelecs\\\/#primaryimage\",\"url\":\"https:\\\/\\\/velotech.de\\\/wp-content\\\/uploads\\\/2021\\\/04\\\/vibrationen-lastenrad.jpg\",\"contentUrl\":\"https:\\\/\\\/velotech.de\\\/wp-content\\\/uploads\\\/2021\\\/04\\\/vibrationen-lastenrad.jpg\",\"width\":792,\"height\":486},{\"@type\":\"BreadcrumbList\",\"@id\":\"https:\\\/\\\/velotech.de\\\/en\\\/good-vibrations-underestimated-risk-of-vibrations-from-work-pedelecs\\\/#breadcrumb\",\"itemListElement\":[{\"@type\":\"ListItem\",\"position\":1,\"name\":\"Startseite\",\"item\":\"https:\\\/\\\/velotech.de\\\/en\\\/\"},{\"@type\":\"ListItem\",\"position\":2,\"name\":\"Good Vibrations?! Underestimated Risk of Vibrations from Work Pedelecs\"}]},{\"@type\":\"WebSite\",\"@id\":\"https:\\\/\\\/velotech.de\\\/en\\\/#website\",\"url\":\"https:\\\/\\\/velotech.de\\\/en\\\/\",\"name\":\"velotech.de - akkreditiertes Pr\u00fcflabor f\u00fcr Mikromobilit\u00e4t\",\"description\":\"Weltweit anerkanntes, akkreditiertes Pr\u00fcflabor f\u00fcr Mikromobilit\u00e4t und Produktsicherheit\",\"potentialAction\":[{\"@type\":\"SearchAction\",\"target\":{\"@type\":\"EntryPoint\",\"urlTemplate\":\"https:\\\/\\\/velotech.de\\\/en\\\/?s={search_term_string}\"},\"query-input\":{\"@type\":\"PropertyValueSpecification\",\"valueRequired\":true,\"valueName\":\"search_term_string\"}}],\"inLanguage\":\"en-US\"},{\"@type\":\"Person\",\"@id\":\"https:\\\/\\\/velotech.de\\\/en\\\/#\\\/schema\\\/person\\\/93df0c2848326a8428c7b2a9f3f97114\",\"name\":\"admin\",\"sameAs\":[\"https:\\\/\\\/velotech.de\"],\"url\":\"https:\\\/\\\/velotech.de\\\/en\\\/author\\\/root_74i0x73x\\\/\"}]}<\/script>\n<!-- \/ Yoast SEO plugin. -->","yoast_head_json":{"title":"Good Vibrations?! Underestimated Risk of Vibrations from Work Pedelecs - velotech.de - akkreditiertes Pr\u00fcflabor f\u00fcr Mikromobilit\u00e4t","robots":{"index":"index","follow":"follow","max-snippet":"max-snippet:-1","max-image-preview":"max-image-preview:large","max-video-preview":"max-video-preview:-1"},"canonical":"https:\/\/velotech.de\/en\/good-vibrations-underestimated-risk-of-vibrations-from-work-pedelecs\/","og_locale":"en_US","og_type":"article","og_title":"Good Vibrations?! Underestimated Risk of Vibrations from Work Pedelecs - velotech.de - akkreditiertes Pr\u00fcflabor f\u00fcr Mikromobilit\u00e4t","og_description":"Good Vibrations?! Good Vibrations?! Underestimated Risk of Vibrations from Work Pedelecs Good Vibrations?! Good Vibrations?! Underestimated Risk of Vibrations from Work Pedelecs Normal bikes are on the way out \u2013 many postmen and women are no longer riding conventional bikes...","og_url":"https:\/\/velotech.de\/en\/good-vibrations-underestimated-risk-of-vibrations-from-work-pedelecs\/","og_site_name":"velotech.de - akkreditiertes Pr\u00fcflabor f\u00fcr Mikromobilit\u00e4t","article_published_time":"2021-08-01T15:27:48+00:00","article_modified_time":"2021-10-12T22:04:31+00:00","og_image":[{"width":792,"height":486,"url":"https:\/\/velotech.de\/wp-content\/uploads\/2021\/04\/vibrationen-lastenrad.jpg","type":"image\/jpeg"}],"author":"admin","twitter_card":"summary_large_image","twitter_misc":{"Written by":"admin","Est. reading time":"1 minute"},"schema":{"@context":"https:\/\/schema.org","@graph":[{"@type":"Article","@id":"https:\/\/velotech.de\/en\/good-vibrations-underestimated-risk-of-vibrations-from-work-pedelecs\/#article","isPartOf":{"@id":"https:\/\/velotech.de\/en\/good-vibrations-underestimated-risk-of-vibrations-from-work-pedelecs\/"},"author":{"name":"admin","@id":"https:\/\/velotech.de\/en\/#\/schema\/person\/93df0c2848326a8428c7b2a9f3f97114"},"headline":"Good Vibrations?! Underestimated Risk of Vibrations from Work Pedelecs","datePublished":"2021-08-01T15:27:48+00:00","dateModified":"2021-10-12T22:04:31+00:00","mainEntityOfPage":{"@id":"https:\/\/velotech.de\/en\/good-vibrations-underestimated-risk-of-vibrations-from-work-pedelecs\/"},"wordCount":180,"image":{"@id":"https:\/\/velotech.de\/en\/good-vibrations-underestimated-risk-of-vibrations-from-work-pedelecs\/#primaryimage"},"thumbnailUrl":"https:\/\/velotech.de\/wp-content\/uploads\/2021\/04\/vibrationen-lastenrad.jpg","articleSection":["News"],"inLanguage":"en-US"},{"@type":"WebPage","@id":"https:\/\/velotech.de\/en\/good-vibrations-underestimated-risk-of-vibrations-from-work-pedelecs\/","url":"https:\/\/velotech.de\/en\/good-vibrations-underestimated-risk-of-vibrations-from-work-pedelecs\/","name":"Good Vibrations?! Underestimated Risk of Vibrations from Work Pedelecs - velotech.de - akkreditiertes Pr\u00fcflabor f\u00fcr Mikromobilit\u00e4t","isPartOf":{"@id":"https:\/\/velotech.de\/en\/#website"},"primaryImageOfPage":{"@id":"https:\/\/velotech.de\/en\/good-vibrations-underestimated-risk-of-vibrations-from-work-pedelecs\/#primaryimage"},"image":{"@id":"https:\/\/velotech.de\/en\/good-vibrations-underestimated-risk-of-vibrations-from-work-pedelecs\/#primaryimage"},"thumbnailUrl":"https:\/\/velotech.de\/wp-content\/uploads\/2021\/04\/vibrationen-lastenrad.jpg","datePublished":"2021-08-01T15:27:48+00:00","dateModified":"2021-10-12T22:04:31+00:00","author":{"@id":"https:\/\/velotech.de\/en\/#\/schema\/person\/93df0c2848326a8428c7b2a9f3f97114"},"breadcrumb":{"@id":"https:\/\/velotech.de\/en\/good-vibrations-underestimated-risk-of-vibrations-from-work-pedelecs\/#breadcrumb"},"inLanguage":"en-US","potentialAction":[{"@type":"ReadAction","target":["https:\/\/velotech.de\/en\/good-vibrations-underestimated-risk-of-vibrations-from-work-pedelecs\/"]}]},{"@type":"ImageObject","inLanguage":"en-US","@id":"https:\/\/velotech.de\/en\/good-vibrations-underestimated-risk-of-vibrations-from-work-pedelecs\/#primaryimage","url":"https:\/\/velotech.de\/wp-content\/uploads\/2021\/04\/vibrationen-lastenrad.jpg","contentUrl":"https:\/\/velotech.de\/wp-content\/uploads\/2021\/04\/vibrationen-lastenrad.jpg","width":792,"height":486},{"@type":"BreadcrumbList","@id":"https:\/\/velotech.de\/en\/good-vibrations-underestimated-risk-of-vibrations-from-work-pedelecs\/#breadcrumb","itemListElement":[{"@type":"ListItem","position":1,"name":"Startseite","item":"https:\/\/velotech.de\/en\/"},{"@type":"ListItem","position":2,"name":"Good Vibrations?! Underestimated Risk of Vibrations from Work Pedelecs"}]},{"@type":"WebSite","@id":"https:\/\/velotech.de\/en\/#website","url":"https:\/\/velotech.de\/en\/","name":"velotech.de - akkreditiertes Pr\u00fcflabor f\u00fcr Mikromobilit\u00e4t","description":"Weltweit anerkanntes, akkreditiertes Pr\u00fcflabor f\u00fcr Mikromobilit\u00e4t und Produktsicherheit","potentialAction":[{"@type":"SearchAction","target":{"@type":"EntryPoint","urlTemplate":"https:\/\/velotech.de\/en\/?s={search_term_string}"},"query-input":{"@type":"PropertyValueSpecification","valueRequired":true,"valueName":"search_term_string"}}],"inLanguage":"en-US"},{"@type":"Person","@id":"https:\/\/velotech.de\/en\/#\/schema\/person\/93df0c2848326a8428c7b2a9f3f97114","name":"admin","sameAs":["https:\/\/velotech.de"],"url":"https:\/\/velotech.de\/en\/author\/root_74i0x73x\/"}]}},"_links":{"self":[{"href":"https:\/\/velotech.de\/en\/wp-json\/wp\/v2\/posts\/14034","targetHints":{"allow":["GET"]}}],"collection":[{"href":"https:\/\/velotech.de\/en\/wp-json\/wp\/v2\/posts"}],"about":[{"href":"https:\/\/velotech.de\/en\/wp-json\/wp\/v2\/types\/post"}],"author":[{"embeddable":true,"href":"https:\/\/velotech.de\/en\/wp-json\/wp\/v2\/users\/1"}],"replies":[{"embeddable":true,"href":"https:\/\/velotech.de\/en\/wp-json\/wp\/v2\/comments?post=14034"}],"version-history":[{"count":1,"href":"https:\/\/velotech.de\/en\/wp-json\/wp\/v2\/posts\/14034\/revisions"}],"predecessor-version":[{"id":14400,"href":"https:\/\/velotech.de\/en\/wp-json\/wp\/v2\/posts\/14034\/revisions\/14400"}],"wp:featuredmedia":[{"embeddable":true,"href":"https:\/\/velotech.de\/en\/wp-json\/wp\/v2\/media\/14036"}],"wp:attachment":[{"href":"https:\/\/velotech.de\/en\/wp-json\/wp\/v2\/media?parent=14034"}],"wp:term":[{"taxonomy":"category","embeddable":true,"href":"https:\/\/velotech.de\/en\/wp-json\/wp\/v2\/categories?post=14034"},{"taxonomy":"post_tag","embeddable":true,"href":"https:\/\/velotech.de\/en\/wp-json\/wp\/v2\/tags?post=14034"}],"curies":[{"name":"wp","href":"https:\/\/api.w.org\/{rel}","templated":true}]}}